{"id":17592,"date":"2022-07-06T12:13:00","date_gmt":"2022-07-06T11:13:00","guid":{"rendered":"https:\/\/netgreater.com\/dev\/Prelit\/?p=17592"},"modified":"2022-07-07T12:14:33","modified_gmt":"2022-07-07T11:14:33","slug":"25-ans-chez-prelit-ag","status":"publish","type":"post","link":"https:\/\/embachemtech.ch\/fr\/25-ans-chez-prelit-ag\/","title":{"rendered":"25 ans chez Prelit SA!"},"content":{"rendered":"\n<p>Nous f\u00e9licitons chaleureusement Nico Lettieri pour ses 25 ans d&rsquo;entreprise.<\/p>\n\n\n\n<p>Sa motivation et son ambition, ainsi que ses formations internes et externes, lui ont permis de r\u00e9aliser avec succ\u00e8s ses objectifs. Il a commenc\u00e9 comme collaborateur du service externe, puis comme responsable des ventes, avant de prendre la direction de l&rsquo;entreprise en 2017.<\/p>\n\n\n\n<p>Nous sommes fiers et reconnaissants d&rsquo;avoir Nico dans notre \u00e9quipe en tant que directeur fiable, comp\u00e9tent et serviable.<\/p>\n\n\n\n<p>Nous le remercions pour son engagement et nous r\u00e9jouissons de poursuivre notre excellente collaboration.<\/p>\n\n\n\n<figure class=\"wp-block-image size-large\"><img fetchpriority=\"high\" decoding=\"async\" width=\"768\" height=\"1024\" src=\"https:\/\/netgreater.com\/dev\/Prelit\/wp-content\/uploads\/2022\/07\/Jubilaeum-LE-8-768x1024.jpg\" alt=\"\" class=\"wp-image-17594\" srcset=\"https:\/\/embachemtech.ch\/wp-content\/uploads\/2022\/07\/Jubilaeum-LE-8-768x1024.jpg 768w, https:\/\/embachemtech.ch\/wp-content\/uploads\/2022\/07\/Jubilaeum-LE-8-scaled.jpg 1920w\" sizes=\"(max-width: 768px) 100vw, 768px\" \/><\/figure>\n\n\n\n<figure class=\"wp-block-image size-full\"><img decoding=\"async\" width=\"768\" height=\"1024\" src=\"https:\/\/netgreater.com\/dev\/Prelit\/wp-content\/uploads\/2022\/07\/InkedJubilaeum-LE-5.jpg\" alt=\"\" class=\"wp-image-17596\"\/><\/figure>\n\n\n\n<figure class=\"wp-block-image size-full\"><img decoding=\"async\" width=\"768\" height=\"1024\" src=\"https:\/\/netgreater.com\/dev\/Prelit\/wp-content\/uploads\/2022\/07\/Jubilaeum-LE-4.jpg\" alt=\"\" class=\"wp-image-17598\"\/><\/figure>\n","protected":false},"excerpt":{"rendered":"<p>Nous f\u00e9licitons chaleureusement Nico Lettieri pour ses 25 ans d&rsquo;entreprise. Sa motivation et son ambition, ainsi que ses formations internes et externes, lui ont permis de r\u00e9aliser avec succ\u00e8s ses [&hellip;]<\/p>\n","protected":false},"author":1,"featured_media":17594,"comment_status":"closed","ping_status":"open","sticky":false,"template":"","format":"standard","meta":{"footnotes":""},"categories":[91],"tags":[],"class_list":["post-17592","post","type-post","status-publish","format-standard","has-post-thumbnail","hentry","category-actualites"],"_links":{"self":[{"href":"https:\/\/embachemtech.ch\/fr\/wp-json\/wp\/v2\/posts\/17592","targetHints":{"allow":["GET"]}}],"collection":[{"href":"https:\/\/embachemtech.ch\/fr\/wp-json\/wp\/v2\/posts"}],"about":[{"href":"https:\/\/embachemtech.ch\/fr\/wp-json\/wp\/v2\/types\/post"}],"author":[{"embeddable":true,"href":"https:\/\/embachemtech.ch\/fr\/wp-json\/wp\/v2\/users\/1"}],"replies":[{"embeddable":true,"href":"https:\/\/embachemtech.ch\/fr\/wp-json\/wp\/v2\/comments?post=17592"}],"version-history":[{"count":5,"href":"https:\/\/embachemtech.ch\/fr\/wp-json\/wp\/v2\/posts\/17592\/revisions"}],"predecessor-version":[{"id":17802,"href":"https:\/\/embachemtech.ch\/fr\/wp-json\/wp\/v2\/posts\/17592\/revisions\/17802"}],"wp:featuredmedia":[{"embeddable":true,"href":"https:\/\/embachemtech.ch\/fr\/wp-json\/wp\/v2\/media\/17594"}],"wp:attachment":[{"href":"https:\/\/embachemtech.ch\/fr\/wp-json\/wp\/v2\/media?parent=17592"}],"wp:term":[{"taxonomy":"category","embeddable":true,"href":"https:\/\/embachemtech.ch\/fr\/wp-json\/wp\/v2\/categories?post=17592"},{"taxonomy":"post_tag","embeddable":true,"href":"https:\/\/embachemtech.ch\/fr\/wp-json\/wp\/v2\/tags?post=17592"}],"curies":[{"name":"wp","href":"https:\/\/api.w.org\/{rel}","templated":true}]}}